{"id":26844,"date":"2026-09-01T00:59:00","date_gmt":"2026-08-31T22:59:00","guid":{"rendered":"https:\/\/fuerst-reisen.de\/?p=26844"},"modified":"2026-07-29T13:38:42","modified_gmt":"2026-07-29T11:38:42","slug":"schloss-koepenick","status":"publish","type":"post","link":"https:\/\/fuerst-reisen.de\/en\/schloss-koepenick\/","title":{"rendered":"K\u00f6penick Palace"},"content":{"rendered":"<div data-elementor-type=\"wp-post\" data-elementor-id=\"26844\" class=\"elementor elementor-26844\">\n\t\t\t\t<div class=\"elementor-element elementor-element-8f29910 e-flex e-con-boxed wpr-particle-no wpr-jarallax-no wpr-parallax-no wpr-sticky-section-no wpr-column-slider-no wpr-equal-height-no e-con e-parent\" data-id=\"8f29910\" data-element_type=\"container\" data-e-type=\"container\" data-settings=\"{&quot;background_background&quot;:&quot;classic&quot;}\">\n\t\t\t\t\t<div class=\"e-con-inner\">\n\t\t\t\t<div class=\"elementor-element elementor-element-518111d3 elementor-widget elementor-widget-heading\" data-id=\"518111d3\" data-element_type=\"widget\" data-e-type=\"widget\" data-widget_type=\"heading.default\">\n\t\t\t\t<div class=\"elementor-widget-container\">\n\t\t\t\t\t<h1 class=\"elementor-heading-title elementor-size-default\">K\u00f6penick Palace<\/h1>\t\t\t\t<\/div>\n\t\t\t\t<\/div>\n\t\t\t\t\t<\/div>\n\t\t\t\t<\/div>\n\t\t<div class=\"elementor-element elementor-element-267bafb4 e-flex e-con-boxed wpr-particle-no wpr-jarallax-no wpr-parallax-no wpr-sticky-section-no wpr-column-slider-no wpr-equal-height-no e-con e-parent\" data-id=\"267bafb4\" data-element_type=\"container\" data-e-type=\"container\">\n\t\t\t\t\t<div class=\"e-con-inner\">\n\t\t\t\t<div class=\"elementor-element elementor-element-30f5b17 elementor-widget elementor-widget-spacer\" data-id=\"30f5b17\" data-element_type=\"widget\" data-e-type=\"widget\" data-widget_type=\"spacer.default\">\n\t\t\t\t<div class=\"elementor-widget-container\">\n\t\t\t\t\t\t\t<div class=\"elementor-spacer\">\n\t\t\t<div class=\"elementor-spacer-inner\"><\/div>\n\t\t<\/div>\n\t\t\t\t\t\t<\/div>\n\t\t\t\t<\/div>\n\t\t\t\t<div class=\"elementor-element elementor-element-a798c21 elementor-widget elementor-widget-text-editor\" data-id=\"a798c21\" data-element_type=\"widget\" data-e-type=\"widget\" data-widget_type=\"text-editor.default\">\n\t\t\t\t<div class=\"elementor-widget-container\">\n\t\t\t\t\t\t\t\t\t<h2 data-section-id=\"13xhh5u\" data-start=\"20\" data-end=\"92\">K\u00f6penick Palace \u2013 A Unique Day Trip Destination in Berlin<\/h2><p>K\u00f6penick Palace is one of Berlin\u2019s most beautiful historic landmarks. Picturesquely situated on an island in the Dahme River, it combines magnificent Baroque architecture with a unique waterside setting. Visitors can enjoy a fascinating blend of culture, history, and relaxation in an exceptional atmosphere.\n\nThe historic Old Town of K\u00f6penick, with its charming narrow streets, caf\u00e9s, and restaurants, perfectly complements a visit to the palace, making it an ideal destination for culture enthusiasts, families, and tour groups alike.<\/p><h2>History and Attractions of K\u00f6penick Palace<\/h2><p>The history of K\u00f6penick Palace dates back to the 16th century. Its present-day Baroque appearance was commissioned by Elector Frederick III, who later became the first King in Prussia. Today, the palace is home to the Museum of Decorative Arts, part of the National Museums in Berlin, and captivates visitors with its magnificent state rooms, historic furniture, valuable works of art, and outstanding collections from the Renaissance and Baroque periods.\n\nThe museum\u2019s permanent collection is complemented by changing special exhibitions, while the beautifully maintained palace gardens provide a peaceful setting for a leisurely stroll and relaxation.<\/p><h2>Why K\u00f6penick Palace Is Worth Visiting<\/h2><p>A visit to K\u00f6penick Palace can easily be combined with several other nearby attractions. In addition to exploring the historic Old Town, visitors can enjoy scenic boat cruises on the Dahme and Spree rivers or visit the famous K\u00f6penick Town Hall. Together, these experiences create a varied day trip that perfectly combines culture, nature, and leisure.\n\nFor those looking to discover a different side of Berlin beyond the city's most famous tourist attractions, K\u00f6penick Palace is an excellent choice.<\/p><h2>Discover K\u00f6penick Palace with F\u00fcrst Reisen<\/h2><p class=\"translation-block\">An organized coach trip with F\u00fcrst Reisen makes your visit to K\u00f6penick Palace especially relaxing. Modern coaches, careful planning, and reliable service ensure that you can enjoy your journey without worrying about transportation, parking, or logistics.\n\nWhether you are planning a day trip, a club outing, or a group tour, F\u00fcrst Reisen offers comfortable and professionally organized excursions to some of the most beautiful destinations in Berlin and Brandenburg. This allows you to enjoy your visit to K\u00f6penick Palace from start to finish.<\/p><h2>Start Planning Your Visit to K\u00f6penick Palace Today<\/h2><p class=\"translation-block\">K\u00f6penick Palace combines magnificent Baroque architecture, a fascinating history, and a stunning waterfront location to create an unforgettable day-trip experience. Whether you are traveling on your own, with friends, or as part of a group, this remarkable destination is worth visiting at any time of the year.\n\nChoose a comfortable day trip with <b>F\u00fcrst Reisen<\/b> and discover one of Berlin\u2019s most beautiful palaces without the stress of planning your journey. Explore our current coach tours today and reserve your seat for a memorable day at K\u00f6penick Palace.<\/p>\t\t\t\t\t\t\t\t<\/div>\n\t\t\t\t<\/div>\n\t\t\t\t\t<\/div>\n\t\t\t\t<\/div>\n\t\t\t\t<\/div>","protected":false},"excerpt":{"rendered":"<p>Vor dem malerischen Schloss K\u00f6penick erhebt sich eines der bedeutendsten Barockschl\u00f6sser Berlins. Das historische Bauwerk liegt idyllisch auf einer Insel in der Dahme und z\u00e4hlt zu den wichtigsten Sehensw\u00fcrdigkeiten des Bezirks Treptow-K\u00f6penick. Mit seiner eindrucksvollen Architektur, der bewegten Geschichte und der renommierten Sammlung des Kunstgewerbemuseums bietet Schloss K\u00f6penick einen faszinierenden Einblick in die preu\u00dfische Vergangenheit und die Kunst des Barock.<\/p>","protected":false},"author":6,"featured_media":26850,"comment_status":"closed","ping_status":"closed","sticky":false,"template":"elementor_header_footer","format":"standard","meta":{"_page_generator_pro_exclude":false,"_page_generator_pro_group":0,"_page_generator_pro_index":0,"footnotes":""},"categories":[3],"tags":[],"class_list":["post-26844","post","type-post","status-publish","format-standard","has-post-thumbnail","hentry","category-sehenswuerdigkeiten-berlin"],"yoast_head":"<!-- This site is optimized with the Yoast SEO plugin v28.3 - https:\/\/yoast.com\/product\/yoast-seo-wordpress\/ -->\n<title>Schloss K\u00f6penick<\/title>\n<meta name=\"robots\" content=\"index, follow, max-snippet:-1, max-image-preview:large, max-video-preview:-1\" \/>\n<link rel=\"canonical\" href=\"https:\/\/fuerst-reisen.de\/en\/schloss-koepenick\/\" \/>\n<meta property=\"og:locale\" content=\"en_GB\" \/>\n<meta property=\"og:type\" content=\"article\" \/>\n<meta property=\"og:title\" content=\"Schloss K\u00f6penick\" \/>\n<meta property=\"og:description\" content=\"Vor dem malerischen Schloss K\u00f6penick erhebt sich eines der bedeutendsten Barockschl\u00f6sser Berlins. Das historische Bauwerk liegt idyllisch auf einer Insel in der Dahme und z\u00e4hlt zu den wichtigsten Sehensw\u00fcrdigkeiten des Bezirks Treptow-K\u00f6penick. Mit seiner eindrucksvollen Architektur, der bewegten Geschichte und der renommierten Sammlung des Kunstgewerbemuseums bietet Schloss K\u00f6penick einen faszinierenden Einblick in die preu\u00dfische Vergangenheit und die Kunst des Barock.\" \/>\n<meta property=\"og:url\" content=\"https:\/\/fuerst-reisen.de\/en\/schloss-koepenick\/\" \/>\n<meta property=\"og:site_name\" content=\"F\u00fcrst Reisen Berlin\" \/>\n<meta property=\"article:published_time\" content=\"2026-08-31T22:59:00+00:00\" \/>\n<meta property=\"og:image\" content=\"https:\/\/fuerst-reisen.de\/wp-content\/uploads\/2026\/09\/koepenick-webp.webp\" \/>\n\t<meta property=\"og:image:width\" content=\"1200\" \/>\n\t<meta property=\"og:image:height\" content=\"800\" \/>\n\t<meta property=\"og:image:type\" content=\"image\/webp\" \/>\n<meta name=\"author\" content=\"Anneke\" \/>\n<meta name=\"twitter:card\" content=\"summary_large_image\" \/>\n<meta name=\"twitter:label1\" content=\"Written by\" \/>\n\t<meta name=\"twitter:data1\" content=\"Anneke\" \/>\n\t<meta name=\"twitter:label2\" content=\"Estimated reading time\" \/>\n\t<meta name=\"twitter:data2\" content=\"3 minutes\" \/>\n<script type=\"application\/ld+json\" class=\"yoast-schema-graph\">{\"@context\":\"https:\\\/\\\/schema.org\",\"@graph\":[{\"@type\":\"Article\",\"@id\":\"https:\\\/\\\/fuerst-reisen.de\\\/schloss-koepenick\\\/#article\",\"isPartOf\":{\"@id\":\"https:\\\/\\\/fuerst-reisen.de\\\/schloss-koepenick\\\/\"},\"author\":{\"name\":\"Anneke\",\"@id\":\"https:\\\/\\\/fuerst-reisen.de\\\/#\\\/schema\\\/person\\\/6381354e0dae0c7faa8d068467fb9b7f\"},\"headline\":\"Schloss K\u00f6penick\",\"datePublished\":\"2026-08-31T22:59:00+00:00\",\"mainEntityOfPage\":{\"@id\":\"https:\\\/\\\/fuerst-reisen.de\\\/schloss-koepenick\\\/\"},\"wordCount\":432,\"image\":{\"@id\":\"https:\\\/\\\/fuerst-reisen.de\\\/schloss-koepenick\\\/#primaryimage\"},\"thumbnailUrl\":\"https:\\\/\\\/fuerst-reisen.de\\\/wp-content\\\/uploads\\\/2026\\\/09\\\/koepenick-webp.webp\",\"articleSection\":[\"Blog - Berlin\"],\"inLanguage\":\"en-GB\"},{\"@type\":\"WebPage\",\"@id\":\"https:\\\/\\\/fuerst-reisen.de\\\/schloss-koepenick\\\/\",\"url\":\"https:\\\/\\\/fuerst-reisen.de\\\/schloss-koepenick\\\/\",\"name\":\"Schloss K\u00f6penick\",\"isPartOf\":{\"@id\":\"https:\\\/\\\/fuerst-reisen.de\\\/#website\"},\"primaryImageOfPage\":{\"@id\":\"https:\\\/\\\/fuerst-reisen.de\\\/schloss-koepenick\\\/#primaryimage\"},\"image\":{\"@id\":\"https:\\\/\\\/fuerst-reisen.de\\\/schloss-koepenick\\\/#primaryimage\"},\"thumbnailUrl\":\"https:\\\/\\\/fuerst-reisen.de\\\/wp-content\\\/uploads\\\/2026\\\/09\\\/koepenick-webp.webp\",\"datePublished\":\"2026-08-31T22:59:00+00:00\",\"author\":{\"@id\":\"https:\\\/\\\/fuerst-reisen.de\\\/#\\\/schema\\\/person\\\/6381354e0dae0c7faa8d068467fb9b7f\"},\"breadcrumb\":{\"@id\":\"https:\\\/\\\/fuerst-reisen.de\\\/schloss-koepenick\\\/#breadcrumb\"},\"inLanguage\":\"en-GB\",\"potentialAction\":[{\"@type\":\"ReadAction\",\"target\":[\"https:\\\/\\\/fuerst-reisen.de\\\/schloss-koepenick\\\/\"]}]},{\"@type\":\"ImageObject\",\"inLanguage\":\"en-GB\",\"@id\":\"https:\\\/\\\/fuerst-reisen.de\\\/schloss-koepenick\\\/#primaryimage\",\"url\":\"https:\\\/\\\/fuerst-reisen.de\\\/wp-content\\\/uploads\\\/2026\\\/09\\\/koepenick-webp.webp\",\"contentUrl\":\"https:\\\/\\\/fuerst-reisen.de\\\/wp-content\\\/uploads\\\/2026\\\/09\\\/koepenick-webp.webp\",\"width\":1200,\"height\":800},{\"@type\":\"BreadcrumbList\",\"@id\":\"https:\\\/\\\/fuerst-reisen.de\\\/schloss-koepenick\\\/#breadcrumb\",\"itemListElement\":[{\"@type\":\"ListItem\",\"position\":1,\"name\":\"Startseite\",\"item\":\"https:\\\/\\\/fuerst-reisen.de\\\/\"},{\"@type\":\"ListItem\",\"position\":2,\"name\":\"Schloss K\u00f6penick\"}]},{\"@type\":\"WebSite\",\"@id\":\"https:\\\/\\\/fuerst-reisen.de\\\/#website\",\"url\":\"https:\\\/\\\/fuerst-reisen.de\\\/\",\"name\":\"F\u00fcrst Reisen Berlin\",\"description\":\"\",\"potentialAction\":[{\"@type\":\"SearchAction\",\"target\":{\"@type\":\"EntryPoint\",\"urlTemplate\":\"https:\\\/\\\/fuerst-reisen.de\\\/?s={search_term_string}\"},\"query-input\":{\"@type\":\"PropertyValueSpecification\",\"valueRequired\":true,\"valueName\":\"search_term_string\"}}],\"inLanguage\":\"en-GB\"},{\"@type\":\"Person\",\"@id\":\"https:\\\/\\\/fuerst-reisen.de\\\/#\\\/schema\\\/person\\\/6381354e0dae0c7faa8d068467fb9b7f\",\"name\":\"Anneke\",\"image\":{\"@type\":\"ImageObject\",\"inLanguage\":\"en-GB\",\"@id\":\"https:\\\/\\\/secure.gravatar.com\\\/avatar\\\/4ac516c771b0379fc7fb5422a7ca05f28016a10c4eb37ddb182224d8d5ba567c?s=96&d=mm&r=g\",\"url\":\"https:\\\/\\\/secure.gravatar.com\\\/avatar\\\/4ac516c771b0379fc7fb5422a7ca05f28016a10c4eb37ddb182224d8d5ba567c?s=96&d=mm&r=g\",\"contentUrl\":\"https:\\\/\\\/secure.gravatar.com\\\/avatar\\\/4ac516c771b0379fc7fb5422a7ca05f28016a10c4eb37ddb182224d8d5ba567c?s=96&d=mm&r=g\",\"caption\":\"Anneke\"},\"url\":\"https:\\\/\\\/fuerst-reisen.de\\\/en\\\/author\\\/achamburgundmeer-de\\\/\"}]}<\/script>\n<!-- \/ Yoast SEO plugin. -->","yoast_head_json":{"title":"K\u00f6penick Palace","robots":{"index":"index","follow":"follow","max-snippet":"max-snippet:-1","max-image-preview":"max-image-preview:large","max-video-preview":"max-video-preview:-1"},"canonical":"https:\/\/fuerst-reisen.de\/en\/schloss-koepenick\/","og_locale":"en_GB","og_type":"article","og_title":"Schloss K\u00f6penick","og_description":"Vor dem malerischen Schloss K\u00f6penick erhebt sich eines der bedeutendsten Barockschl\u00f6sser Berlins. Das historische Bauwerk liegt idyllisch auf einer Insel in der Dahme und z\u00e4hlt zu den wichtigsten Sehensw\u00fcrdigkeiten des Bezirks Treptow-K\u00f6penick. Mit seiner eindrucksvollen Architektur, der bewegten Geschichte und der renommierten Sammlung des Kunstgewerbemuseums bietet Schloss K\u00f6penick einen faszinierenden Einblick in die preu\u00dfische Vergangenheit und die Kunst des Barock.","og_url":"https:\/\/fuerst-reisen.de\/en\/schloss-koepenick\/","og_site_name":"F\u00fcrst Reisen Berlin","article_published_time":"2026-08-31T22:59:00+00:00","og_image":[{"width":1200,"height":800,"url":"https:\/\/fuerst-reisen.de\/wp-content\/uploads\/2026\/09\/koepenick-webp.webp","type":"image\/webp"}],"author":"Anneke","twitter_card":"summary_large_image","twitter_misc":{"Written by":"Anneke","Estimated reading time":"3 minutes"},"schema":{"@context":"https:\/\/schema.org","@graph":[{"@type":"Article","@id":"https:\/\/fuerst-reisen.de\/schloss-koepenick\/#article","isPartOf":{"@id":"https:\/\/fuerst-reisen.de\/schloss-koepenick\/"},"author":{"name":"Anneke","@id":"https:\/\/fuerst-reisen.de\/#\/schema\/person\/6381354e0dae0c7faa8d068467fb9b7f"},"headline":"Schloss K\u00f6penick","datePublished":"2026-08-31T22:59:00+00:00","mainEntityOfPage":{"@id":"https:\/\/fuerst-reisen.de\/schloss-koepenick\/"},"wordCount":432,"image":{"@id":"https:\/\/fuerst-reisen.de\/schloss-koepenick\/#primaryimage"},"thumbnailUrl":"https:\/\/fuerst-reisen.de\/wp-content\/uploads\/2026\/09\/koepenick-webp.webp","articleSection":["Blog - Berlin"],"inLanguage":"en-GB"},{"@type":"WebPage","@id":"https:\/\/fuerst-reisen.de\/schloss-koepenick\/","url":"https:\/\/fuerst-reisen.de\/schloss-koepenick\/","name":"K\u00f6penick Palace","isPartOf":{"@id":"https:\/\/fuerst-reisen.de\/#website"},"primaryImageOfPage":{"@id":"https:\/\/fuerst-reisen.de\/schloss-koepenick\/#primaryimage"},"image":{"@id":"https:\/\/fuerst-reisen.de\/schloss-koepenick\/#primaryimage"},"thumbnailUrl":"https:\/\/fuerst-reisen.de\/wp-content\/uploads\/2026\/09\/koepenick-webp.webp","datePublished":"2026-08-31T22:59:00+00:00","author":{"@id":"https:\/\/fuerst-reisen.de\/#\/schema\/person\/6381354e0dae0c7faa8d068467fb9b7f"},"breadcrumb":{"@id":"https:\/\/fuerst-reisen.de\/schloss-koepenick\/#breadcrumb"},"inLanguage":"en-GB","potentialAction":[{"@type":"ReadAction","target":["https:\/\/fuerst-reisen.de\/schloss-koepenick\/"]}]},{"@type":"ImageObject","inLanguage":"en-GB","@id":"https:\/\/fuerst-reisen.de\/schloss-koepenick\/#primaryimage","url":"https:\/\/fuerst-reisen.de\/wp-content\/uploads\/2026\/09\/koepenick-webp.webp","contentUrl":"https:\/\/fuerst-reisen.de\/wp-content\/uploads\/2026\/09\/koepenick-webp.webp","width":1200,"height":800},{"@type":"BreadcrumbList","@id":"https:\/\/fuerst-reisen.de\/schloss-koepenick\/#breadcrumb","itemListElement":[{"@type":"ListItem","position":1,"name":"Startseite","item":"https:\/\/fuerst-reisen.de\/"},{"@type":"ListItem","position":2,"name":"Schloss K\u00f6penick"}]},{"@type":"WebSite","@id":"https:\/\/fuerst-reisen.de\/#website","url":"https:\/\/fuerst-reisen.de\/","name":"F\u00fcrst Reisen Berlin","description":"","potentialAction":[{"@type":"SearchAction","target":{"@type":"EntryPoint","urlTemplate":"https:\/\/fuerst-reisen.de\/?s={search_term_string}"},"query-input":{"@type":"PropertyValueSpecification","valueRequired":true,"valueName":"search_term_string"}}],"inLanguage":"en-GB"},{"@type":"Person","@id":"https:\/\/fuerst-reisen.de\/#\/schema\/person\/6381354e0dae0c7faa8d068467fb9b7f","name":"Anneke","image":{"@type":"ImageObject","inLanguage":"en-GB","@id":"https:\/\/secure.gravatar.com\/avatar\/4ac516c771b0379fc7fb5422a7ca05f28016a10c4eb37ddb182224d8d5ba567c?s=96&d=mm&r=g","url":"https:\/\/secure.gravatar.com\/avatar\/4ac516c771b0379fc7fb5422a7ca05f28016a10c4eb37ddb182224d8d5ba567c?s=96&d=mm&r=g","contentUrl":"https:\/\/secure.gravatar.com\/avatar\/4ac516c771b0379fc7fb5422a7ca05f28016a10c4eb37ddb182224d8d5ba567c?s=96&d=mm&r=g","caption":"Anneke"},"url":"https:\/\/fuerst-reisen.de\/en\/author\/achamburgundmeer-de\/"}]}},"_links":{"self":[{"href":"https:\/\/fuerst-reisen.de\/en\/wp-json\/wp\/v2\/posts\/26844","targetHints":{"allow":["GET"]}}],"collection":[{"href":"https:\/\/fuerst-reisen.de\/en\/wp-json\/wp\/v2\/posts"}],"about":[{"href":"https:\/\/fuerst-reisen.de\/en\/wp-json\/wp\/v2\/types\/post"}],"author":[{"embeddable":true,"href":"https:\/\/fuerst-reisen.de\/en\/wp-json\/wp\/v2\/users\/6"}],"replies":[{"embeddable":true,"href":"https:\/\/fuerst-reisen.de\/en\/wp-json\/wp\/v2\/comments?post=26844"}],"version-history":[{"count":11,"href":"https:\/\/fuerst-reisen.de\/en\/wp-json\/wp\/v2\/posts\/26844\/revisions"}],"predecessor-version":[{"id":26857,"href":"https:\/\/fuerst-reisen.de\/en\/wp-json\/wp\/v2\/posts\/26844\/revisions\/26857"}],"wp:featuredmedia":[{"embeddable":true,"href":"https:\/\/fuerst-reisen.de\/en\/wp-json\/wp\/v2\/media\/26850"}],"wp:attachment":[{"href":"https:\/\/fuerst-reisen.de\/en\/wp-json\/wp\/v2\/media?parent=26844"}],"wp:term":[{"taxonomy":"category","embeddable":true,"href":"https:\/\/fuerst-reisen.de\/en\/wp-json\/wp\/v2\/categories?post=26844"},{"taxonomy":"post_tag","embeddable":true,"href":"https:\/\/fuerst-reisen.de\/en\/wp-json\/wp\/v2\/tags?post=26844"}],"curies":[{"name":"wp","href":"https:\/\/api.w.org\/{rel}","templated":true}]}}